{"id":7886,"date":"2026-08-19T11:02:31","date_gmt":"2026-08-19T11:02:31","guid":{"rendered":"https:\/\/concellodovicedo.org\/acondicionamento-de-caminos-municipais-nas-parroquias-de-negradas-suegos-san-roman-do-val-e-cabanas-lugares-de-creximil-mosteiros-salgueiros-fraderia-o-pereiro-o-pazo-e-tralaveiga-pertencente\/"},"modified":"2026-08-19T11:03:53","modified_gmt":"2026-08-19T11:03:53","slug":"acondicionamento-de-caminos-municipais-nas-parroquias-de-negradas-suegos-san-roman-do-val-e-cabanas-lugares-de-creximil-mosteiros-salgueiros-fraderia-o-pereiro-o-pazo-e-tralaveiga-pertencente","status":"publish","type":"post","link":"https:\/\/concellodovicedo.org\/es\/acondicionamento-de-caminos-municipais-nas-parroquias-de-negradas-suegos-san-roman-do-val-e-cabanas-lugares-de-creximil-mosteiros-salgueiros-fraderia-o-pereiro-o-pazo-e-tralaveiga-pertencente\/","title":{"rendered":"Acondicionamiento de caminos municipales en las parroquias de Negradas, Suegos, San Rom\u00e1n do Val y Cabanas (lugares de Creximil, Mosteiro, Salgueiros, Frader\u00eda, O Pereiro, O Pazo y Tralaveiga) pertenecientes al Ayuntamiento de O Vicedo."},"content":{"rendered":"<p>[et_pb_section fb_built=\u00bb1&#8243; _builder_version=\u00bb3.22&#8243;][et_pb_row _builder_version=\u00bb3.25&#8243; background_size=\u00bbinitial\u00bb background_position=\u00bbtop_left\u00bb background_repeat=\u00bbrepeat\u00bb][et_pb_column type=\u00bb4_4&#8243; _builder_version=\u00bb3.25&#8243; custom_padding=\u00bb|||\u00bb custom_padding__hover=\u00bb|||\u00bb][et_pb_text _builder_version=\u00bb4.6.0&#8243; _module_preset=\u00bbdefault\u00bb hover_enabled=\u00bb0&#8243; sticky_enabled=\u00bb0&#8243;]<\/p>\n<p align=\"JUSTIFY\">Acondicionamiento de caminos municipales en las parroquias de Negradas, Suegos, San Rom\u00e1n do Val y Cabanas (lugares de Creximil, Mosteiro, Salgueiros, Frader\u00eda, O Pereiro, O Pazo y Tralaveiga) pertenecientes al Ayuntamiento de O Vicedo.<\/p>\n<p>[\/et_pb_text][\/et_pb_column][\/et_pb_row][\/et_pb_section]<\/p>\n","protected":false},"excerpt":{"rendered":"<p>[et_pb_section fb_built=\u00bb1&#8243; _builder_version=\u00bb3.22&#8243;][et_pb_row _builder_version=\u00bb3.25&#8243; background_size=\u00bbinitial\u00bb background_position=\u00bbtop_left\u00bb background_repeat=\u00bbrepeat\u00bb][et_pb_column type=\u00bb4_4&#8243; _builder_version=\u00bb3.25&#8243; custom_padding=\u00bb|||\u00bb custom_padding__hover=\u00bb|||\u00bb][et_pb_text _builder_version=\u00bb4.6.0&#8243; _module_preset=\u00bbdefault\u00bb hover_enabled=\u00bb0&#8243; sticky_enabled=\u00bb0&#8243;] Acondicionamiento de caminos municipales en las parroquias de Negradas, Suegos, San Rom\u00e1n do Val y Cabanas (lugares de Creximil, Mosteiro, Salgueiros, Frader\u00eda, O Pereiro, O Pazo y Tralaveiga) pertenecientes al Ayuntamiento de O Vicedo. [\/et_pb_text][\/et_pb_column][\/et_pb_row][\/et_pb_section]<\/p>\n","protected":false},"author":7,"featured_media":7883,"comment_status":"open","ping_status":"closed","sticky":false,"template":"","format":"standard","meta":{"_et_pb_use_builder":"on","_et_pb_old_content":"<p>Est\u00e1n expostas as bases para a contrataci\u00f3n laboral temporal, mediante concurso-oposici\u00f3n, dun\/dunha \u00a0<strong>AUXILIAR DE AXUDA NO FOGAR<\/strong>, a xornada parcial (32 h\/semana), con adscrici\u00f3n ao servizo municipal de axuda no fogar do Concello do Vicedo. Sendo a data de\u00a0 inicio prevista o d\u00eda 01 de xu\u00f1o, e por un per\u00edodo de seis meses.<\/p><p>O prazo de inscrici\u00f3n comenza ma\u00f1\u00e1 d\u00eda 10 e remata o d\u00eda 20 de maio de 2022. A selecci\u00f3n realizarase o d\u00eda 24 de maio de 2022, a partir das 10:00 na Casa Consistorial.<\/p><p>Para m\u00e1is informaci\u00f3n e inscrici\u00f3ns pasar pola Casa do Concello, ou pinchando no seguinte enlace:<a href=\"https:\/\/concellodovicedo.sedelectronica.es\/info.0\">https:\/\/concellodovicedo.sedelectronica.es\/info.0<\/a><\/p><div>\u00a0<\/div>","_et_gb_content_width":""},"categories":[287,289,288,290,296],"tags":[],"yoast_head":"<!-- This site is optimized with the Yoast SEO plugin v15.9 - https:\/\/yoast.com\/wordpress\/plugins\/seo\/ -->\n<title>Acondicionamiento de caminos municipales en las parroquias de Negradas, Suegos, San Rom\u00e1n do Val y Cabanas (lugares de Creximil, Mosteiro, Salgueiros, Frader\u00eda, O Pereiro, O Pazo y Tralaveiga) pertenecientes al Ayuntamiento de O Vicedo. - Concello do Vicedo<\/title>\n<meta name=\"robots\" content=\"index, follow, max-snippet:-1, max-image-preview:large, max-video-preview:-1\" \/>\n<link rel=\"canonical\" href=\"https:\/\/concellodovicedo.org\/es\/acondicionamento-de-caminos-municipais-nas-parroquias-de-negradas-suegos-san-roman-do-val-e-cabanas-lugares-de-creximil-mosteiros-salgueiros-fraderia-o-pereiro-o-pazo-e-tralaveiga-pertencente\/\" \/>\n<meta property=\"og:locale\" content=\"es_ES\" \/>\n<meta property=\"og:type\" content=\"article\" \/>\n<meta property=\"og:title\" content=\"Acondicionamiento de caminos municipales en las parroquias de Negradas, Suegos, San Rom\u00e1n do Val y Cabanas (lugares de Creximil, Mosteiro, Salgueiros, Frader\u00eda, O Pereiro, O Pazo y Tralaveiga) pertenecientes al Ayuntamiento de O Vicedo. - Concello do Vicedo\" \/>\n<meta property=\"og:description\" content=\"[et_pb_section fb_built=\u00bb1&#8243; _builder_version=\u00bb3.22&#8243;][et_pb_row _builder_version=\u00bb3.25&#8243; background_size=\u00bbinitial\u00bb background_position=\u00bbtop_left\u00bb background_repeat=\u00bbrepeat\u00bb][et_pb_column type=\u00bb4_4&#8243; _builder_version=\u00bb3.25&#8243; custom_padding=\u00bb|||\u00bb custom_padding__hover=\u00bb|||\u00bb][et_pb_text _builder_version=\u00bb4.6.0&#8243; _module_preset=\u00bbdefault\u00bb hover_enabled=\u00bb0&#8243; sticky_enabled=\u00bb0&#8243;] Acondicionamiento de caminos municipales en las parroquias de Negradas, Suegos, San Rom\u00e1n do Val y Cabanas (lugares de Creximil, Mosteiro, Salgueiros, Frader\u00eda, O Pereiro, O Pazo y Tralaveiga) pertenecientes al Ayuntamiento de O Vicedo. [\/et_pb_text][\/et_pb_column][\/et_pb_row][\/et_pb_section]\" \/>\n<meta property=\"og:url\" content=\"https:\/\/concellodovicedo.org\/es\/acondicionamento-de-caminos-municipais-nas-parroquias-de-negradas-suegos-san-roman-do-val-e-cabanas-lugares-de-creximil-mosteiros-salgueiros-fraderia-o-pereiro-o-pazo-e-tralaveiga-pertencente\/\" \/>\n<meta property=\"og:site_name\" content=\"Concello do Vicedo\" \/>\n<meta property=\"article:published_time\" content=\"2026-08-19T11:02:31+00:00\" \/>\n<meta property=\"article:modified_time\" content=\"2026-08-19T11:03:53+00:00\" \/>\n<meta property=\"og:image\" content=\"https:\/\/concellodovicedo.org\/wp-content\/uploads\/2026\/08\/Captura-de-pantalla-2026-08-19-125933.jpg\" \/>\n\t<meta property=\"og:image:width\" content=\"1106\" \/>\n\t<meta property=\"og:image:height\" content=\"725\" \/>\n<meta name=\"twitter:card\" content=\"summary_large_image\" \/>\n<meta name=\"twitter:label1\" content=\"Tiempo de lectura\">\n\t<meta name=\"twitter:data1\" content=\"1 minuto\">\n<script type=\"application\/ld+json\" class=\"yoast-schema-graph\">{\"@context\":\"https:\/\/schema.org\",\"@graph\":[{\"@type\":\"WebSite\",\"@id\":\"https:\/\/concellodovicedo.org\/#website\",\"url\":\"https:\/\/concellodovicedo.org\/\",\"name\":\"Concello do Vicedo\",\"description\":\"\",\"potentialAction\":[{\"@type\":\"SearchAction\",\"target\":\"https:\/\/concellodovicedo.org\/?s={search_term_string}\",\"query-input\":\"required name=search_term_string\"}],\"inLanguage\":\"es\"},{\"@type\":\"ImageObject\",\"@id\":\"https:\/\/concellodovicedo.org\/es\/acondicionamento-de-caminos-municipais-nas-parroquias-de-negradas-suegos-san-roman-do-val-e-cabanas-lugares-de-creximil-mosteiros-salgueiros-fraderia-o-pereiro-o-pazo-e-tralaveiga-pertencente\/#primaryimage\",\"inLanguage\":\"es\",\"url\":\"https:\/\/concellodovicedo.org\/wp-content\/uploads\/2026\/08\/Captura-de-pantalla-2026-08-19-125933.jpg\",\"width\":1106,\"height\":725},{\"@type\":\"WebPage\",\"@id\":\"https:\/\/concellodovicedo.org\/es\/acondicionamento-de-caminos-municipais-nas-parroquias-de-negradas-suegos-san-roman-do-val-e-cabanas-lugares-de-creximil-mosteiros-salgueiros-fraderia-o-pereiro-o-pazo-e-tralaveiga-pertencente\/#webpage\",\"url\":\"https:\/\/concellodovicedo.org\/es\/acondicionamento-de-caminos-municipais-nas-parroquias-de-negradas-suegos-san-roman-do-val-e-cabanas-lugares-de-creximil-mosteiros-salgueiros-fraderia-o-pereiro-o-pazo-e-tralaveiga-pertencente\/\",\"name\":\"Acondicionamiento de caminos municipales en las parroquias de Negradas, Suegos, San Rom\\u00e1n do Val y Cabanas (lugares de Creximil, Mosteiro, Salgueiros, Frader\\u00eda, O Pereiro, O Pazo y Tralaveiga) pertenecientes al Ayuntamiento de O Vicedo. - Concello do Vicedo\",\"isPartOf\":{\"@id\":\"https:\/\/concellodovicedo.org\/#website\"},\"primaryImageOfPage\":{\"@id\":\"https:\/\/concellodovicedo.org\/es\/acondicionamento-de-caminos-municipais-nas-parroquias-de-negradas-suegos-san-roman-do-val-e-cabanas-lugares-de-creximil-mosteiros-salgueiros-fraderia-o-pereiro-o-pazo-e-tralaveiga-pertencente\/#primaryimage\"},\"datePublished\":\"2026-08-19T11:02:31+00:00\",\"dateModified\":\"2026-08-19T11:03:53+00:00\",\"author\":{\"@id\":\"https:\/\/concellodovicedo.org\/#\/schema\/person\/7d9d791c7c7bcfb885b2a5eb8aafb741\"},\"breadcrumb\":{\"@id\":\"https:\/\/concellodovicedo.org\/es\/acondicionamento-de-caminos-municipais-nas-parroquias-de-negradas-suegos-san-roman-do-val-e-cabanas-lugares-de-creximil-mosteiros-salgueiros-fraderia-o-pereiro-o-pazo-e-tralaveiga-pertencente\/#breadcrumb\"},\"inLanguage\":\"es\",\"potentialAction\":[{\"@type\":\"ReadAction\",\"target\":[\"https:\/\/concellodovicedo.org\/es\/acondicionamento-de-caminos-municipais-nas-parroquias-de-negradas-suegos-san-roman-do-val-e-cabanas-lugares-de-creximil-mosteiros-salgueiros-fraderia-o-pereiro-o-pazo-e-tralaveiga-pertencente\/\"]}]},{\"@type\":\"BreadcrumbList\",\"@id\":\"https:\/\/concellodovicedo.org\/es\/acondicionamento-de-caminos-municipais-nas-parroquias-de-negradas-suegos-san-roman-do-val-e-cabanas-lugares-de-creximil-mosteiros-salgueiros-fraderia-o-pereiro-o-pazo-e-tralaveiga-pertencente\/#breadcrumb\",\"itemListElement\":[{\"@type\":\"ListItem\",\"position\":1,\"item\":{\"@type\":\"WebPage\",\"@id\":\"https:\/\/concellodovicedo.org\/es\/\",\"url\":\"https:\/\/concellodovicedo.org\/es\/\",\"name\":\"Inicio\"}},{\"@type\":\"ListItem\",\"position\":2,\"item\":{\"@type\":\"WebPage\",\"@id\":\"https:\/\/concellodovicedo.org\/categoria\/actualidade\/\",\"url\":\"https:\/\/concellodovicedo.org\/categoria\/actualidade\/\",\"name\":\"Actualidad\"}},{\"@type\":\"ListItem\",\"position\":3,\"item\":{\"@type\":\"WebPage\",\"@id\":\"https:\/\/concellodovicedo.org\/es\/acondicionamento-de-caminos-municipais-nas-parroquias-de-negradas-suegos-san-roman-do-val-e-cabanas-lugares-de-creximil-mosteiros-salgueiros-fraderia-o-pereiro-o-pazo-e-tralaveiga-pertencente\/\",\"url\":\"https:\/\/concellodovicedo.org\/es\/acondicionamento-de-caminos-municipais-nas-parroquias-de-negradas-suegos-san-roman-do-val-e-cabanas-lugares-de-creximil-mosteiros-salgueiros-fraderia-o-pereiro-o-pazo-e-tralaveiga-pertencente\/\",\"name\":\"Acondicionamiento de caminos municipales en las parroquias de Negradas, Suegos, San Rom\\u00e1n do Val y Cabanas (lugares de Creximil, Mosteiro, Salgueiros, Frader\\u00eda, O Pereiro, O Pazo y Tralaveiga) pertenecientes al Ayuntamiento de O Vicedo.\"}}]},{\"@type\":\"Person\",\"@id\":\"https:\/\/concellodovicedo.org\/#\/schema\/person\/7d9d791c7c7bcfb885b2a5eb8aafb741\",\"name\":\"omix@concellodovicedo.org\",\"image\":{\"@type\":\"ImageObject\",\"@id\":\"https:\/\/concellodovicedo.org\/#personlogo\",\"inLanguage\":\"es\",\"url\":\"https:\/\/secure.gravatar.com\/avatar\/c94ba509f668ef1fa72fa20ab1051171?s=96&d=mm&r=g\",\"caption\":\"omix@concellodovicedo.org\"}}]}<\/script>\n<!-- \/ Yoast SEO plugin. -->","_links":{"self":[{"href":"https:\/\/concellodovicedo.org\/es\/wp-json\/wp\/v2\/posts\/7886"}],"collection":[{"href":"https:\/\/concellodovicedo.org\/es\/wp-json\/wp\/v2\/posts"}],"about":[{"href":"https:\/\/concellodovicedo.org\/es\/wp-json\/wp\/v2\/types\/post"}],"author":[{"embeddable":true,"href":"https:\/\/concellodovicedo.org\/es\/wp-json\/wp\/v2\/users\/7"}],"replies":[{"embeddable":true,"href":"https:\/\/concellodovicedo.org\/es\/wp-json\/wp\/v2\/comments?post=7886"}],"version-history":[{"count":2,"href":"https:\/\/concellodovicedo.org\/es\/wp-json\/wp\/v2\/posts\/7886\/revisions"}],"predecessor-version":[{"id":7889,"href":"https:\/\/concellodovicedo.org\/es\/wp-json\/wp\/v2\/posts\/7886\/revisions\/7889"}],"wp:featuredmedia":[{"embeddable":true,"href":"https:\/\/concellodovicedo.org\/es\/wp-json\/wp\/v2\/media\/7883"}],"wp:attachment":[{"href":"https:\/\/concellodovicedo.org\/es\/wp-json\/wp\/v2\/media?parent=7886"}],"wp:term":[{"taxonomy":"category","embeddable":true,"href":"https:\/\/concellodovicedo.org\/es\/wp-json\/wp\/v2\/categories?post=7886"},{"taxonomy":"post_tag","embeddable":true,"href":"https:\/\/concellodovicedo.org\/es\/wp-json\/wp\/v2\/tags?post=7886"}],"curies":[{"name":"wp","href":"https:\/\/api.w.org\/{rel}","templated":true}]}}